{"id":28488,"date":"2025-12-18T15:24:46","date_gmt":"2025-12-18T20:24:46","guid":{"rendered":"https:\/\/amylior.com\/?post_type=jobpost&#038;p=28488"},"modified":"2025-12-18T15:31:21","modified_gmt":"2025-12-18T20:31:21","slug":"charge-de-projet-en-developpement-de-produit-de-posture","status":"publish","type":"jobpost","link":"https:\/\/amylior.com\/fr-ca\/jobs\/charge-de-projet-en-developpement-de-produit-de-posture\/","title":{"rendered":"Charg\u00e9 de projet en d\u00e9veloppement de produit de posture"},"content":{"rendered":"\t\t<div data-elementor-type=\"wp-post\" data-elementor-id=\"28488\" class=\"elementor elementor-28488 elementor-28486\" data-elementor-post-type=\"jobpost\">\n\t\t\t\t\t\t<section class=\"ob-is-breaking-bad elementor-section elementor-top-section elementor-element elementor-element-fa2617c elementor-section-boxed elementor-section-height-default elementor-section-height-default\" data-id=\"fa2617c\" data-element_type=\"section\" data-settings=\"{&quot;_ob_bbad_use_it&quot;:&quot;yes&quot;,&quot;_ob_bbad_sssic_use&quot;:&quot;no&quot;,&quot;_ob_glider_is_slider&quot;:&quot;no&quot;}\">\n\t\t\t\t\t\t<div class=\"elementor-container elementor-column-gap-default\">\n\t\t\t\t\t<div class=\"elementor-column elementor-col-100 elementor-top-column elementor-element elementor-element-45760c8\" data-id=\"45760c8\" data-element_type=\"column\" data-settings=\"{&quot;_ob_bbad_is_stalker&quot;:&quot;no&quot;,&quot;_ob_teleporter_use&quot;:false,&quot;_ob_column_hoveranimator&quot;:&quot;no&quot;,&quot;_ob_column_has_pseudo&quot;:&quot;no&quot;}\">\n\t\t\t<div class=\"elementor-widget-wrap elementor-element-populated\">\n\t\t\t\t\t\t<div class=\"elementor-element elementor-element-da182b6 ob-harakiri-inherit ob-has-background-overlay elementor-widget elementor-widget-text-editor\" data-id=\"da182b6\" data-element_type=\"widget\" data-settings=\"{&quot;_ob_use_harakiri&quot;:&quot;yes&quot;,&quot;_ob_harakiri_writing_mode&quot;:&quot;inherit&quot;,&quot;_ob_postman_use&quot;:&quot;no&quot;,&quot;_ob_perspektive_use&quot;:&quot;no&quot;,&quot;_ob_poopart_use&quot;:&quot;yes&quot;,&quot;_ob_shadough_use&quot;:&quot;no&quot;,&quot;_ob_allow_hoveranimator&quot;:&quot;no&quot;,&quot;_ob_widget_stalker_use&quot;:&quot;no&quot;}\" data-widget_type=\"text-editor.default\">\n\t\t\t\t<div class=\"elementor-widget-container\">\n\t\t\t<style>\/*! elementor - v3.20.0 - 20-03-2024 *\/\n.elementor-widget-text-editor.elementor-drop-cap-view-stacked .elementor-drop-cap{background-color:#69727d;color:#fff}.elementor-widget-text-editor.elementor-drop-cap-view-framed .elementor-drop-cap{color:#69727d;border:3px solid;background-color:transparent}.elementor-widget-text-editor:not(.elementor-drop-cap-view-default) .elementor-drop-cap{margin-top:8px}.elementor-widget-text-editor:not(.elementor-drop-cap-view-default) .elementor-drop-cap-letter{width:1em;height:1em}.elementor-widget-text-editor .elementor-drop-cap{float:left;text-align:center;line-height:1;font-size:50px}.elementor-widget-text-editor .elementor-drop-cap-letter{display:inline-block}<\/style>\t\t\t\t<p><em>Note : L\u2019usage du genre masculin est utilis\u00e9 sans aucune discrimination et dans le seul but d\u2019all\u00e9ger le texte.<\/em><\/p><p>Relevant du directeur de l\u2019ing\u00e9nierie, le charg\u00e9 de projet en d\u00e9veloppement de produit de posture est responsable de la gestion et de la coordination des diff\u00e9rentes \u00e9tapes du processus de d\u00e9veloppement de produit. Il contribue activement \u00e0 l\u2019implantation de nouvelles solutions destin\u00e9es \u00e0 r\u00e9pondre aux besoins de divers march\u00e9s, en collaboration avec les \u00e9quipes multidisciplinaires de l\u2019entreprise.<\/p><p>Il s\u2019agit d\u2019un emploi \u00e0 temps plein en pr\u00e9sentiel, bas\u00e9 \u00e0 Sherbrooke.<\/p><p><strong>Responsabilit\u00e9s\u00a0:<\/strong><\/p><ul><li>G\u00e9rer et planifier les t\u00e2ches li\u00e9es aux projets de d\u00e9veloppement et d\u2019am\u00e9lioration de produit, en collaboration avec des \u00e9quipes multidisciplinaires, afin d\u2019atteindre les objectifs de d\u00e9lais et de co\u00fbts;<\/li><li>Participer activement au d\u00e9veloppement des concepts, du concept g\u00e9n\u00e9ral jusqu\u2019au concept d\u00e9taill\u00e9, et assurer le transfert vers la production;<\/li><li>R\u00e9diger la documentation associ\u00e9e aux processus de d\u00e9veloppement et d\u2019am\u00e9lioration de produit (cahiers des charges, DFMEA, analyses, rapports de tests, soumissions, r\u00e9quisitions, rel\u00e2che de produit, documentation technique, etc.) selon les proc\u00e9dures en place;<\/li><li>Contribuer \u00e0 l\u2019am\u00e9lioration continue des processus de d\u00e9veloppement de produit;<\/li><li>Assurer le respect des crit\u00e8res de s\u00e9curit\u00e9 et de qualit\u00e9 de l\u2019entreprise.<\/li><li>\u00a0<\/li><\/ul><p><strong>Comp\u00e9tences requises :<\/strong><\/p><ul><li>Dipl\u00f4me coll\u00e9gial ou universitaire dans un domaine technique ou en gestion de produit;<\/li><li>Formation pertinente telle que technique de design industriel, technique de design de produit, design industriel collaboratif ou baccalaur\u00e9at en g\u00e9nie m\u00e9canique avec int\u00e9r\u00eat pour la bioing\u00e9nierie ou le d\u00e9veloppement de produits m\u00e9dicaux;<\/li><li>Minimum d\u2019un an d\u2019exp\u00e9rience pertinente;<\/li><li>Minimum d\u2019un an d\u2019exp\u00e9rience en milieu manufacturier (domaine de la sant\u00e9 \u2013 un atout);<\/li><li>Ma\u00eetrise des outils de suivi et de documentation de projet (Gantt, Excel, Word);<\/li><li>Connaissance de SolidWorks et de PDM -un atout;<\/li><li>Ma\u00eetrise du fran\u00e7ais (oral et \u00e9crit) et anglais de niveau interm\u00e9diaire;<\/li><li>Excellentes aptitudes en communication \u00e9crite et verbale;<\/li><li>Int\u00e9r\u00eat marqu\u00e9 pour les produits d\u2019aide \u00e0 la mobilit\u00e9.<\/li><\/ul><p>Le bilinguisme est requis pour assurer des communications efficaces avec des fournisseurs et des clients situ\u00e9s au Canada et \u00e0 l\u2019ext\u00e9rieur du pays.<\/p><p><strong style=\"font-size: 16px;\">Profil recherch\u00e9\u00a0:<\/strong><\/p><ul><li>Capacit\u00e9 d\u2019analyse et de synth\u00e8se;<\/li><li>Aptitude pour les travaux pratiques et compr\u00e9hension technique;<\/li><li>Esprit d\u2019\u00e9quipe et autonomie;<\/li><li>Sens des responsabilit\u00e9s et rigueur dans l\u2019ex\u00e9cution du travail.<\/li><\/ul><p><strong>Nous offrons\u00a0:<\/strong><\/p><ul><li>Salaire comp\u00e9titif;<\/li><li>Gamme compl\u00e8te d\u2019avantages sociaux (assurance-vie, invalidit\u00e9, m\u00e9dicament et dentaire);<\/li><li>R\u00e9gime REER collectif;<\/li><li>Activit\u00e9s sociales et environnement de travail collaboratif;<\/li><li>Stationnement sur place.<\/li><li>\u00a0<\/li><\/ul>\t\t\t\t\t\t<\/div>\n\t\t\t\t<\/div>\n\t\t\t\t\t<\/div>\n\t\t<\/div>\n\t\t\t\t\t<\/div>\n\t\t<\/section>\n\t\t\t\t<section class=\"ob-is-breaking-bad elementor-section elementor-top-section elementor-element elementor-element-3d5e757 elementor-section-boxed elementor-section-height-default elementor-section-height-default\" data-id=\"3d5e757\" data-element_type=\"section\" data-settings=\"{&quot;_ob_bbad_use_it&quot;:&quot;yes&quot;,&quot;_ob_bbad_sssic_use&quot;:&quot;no&quot;,&quot;_ob_glider_is_slider&quot;:&quot;no&quot;}\">\n\t\t\t\t\t\t<div class=\"elementor-container elementor-column-gap-default\">\n\t\t\t\t\t<div class=\"elementor-column elementor-col-100 elementor-top-column elementor-element elementor-element-2d7fe1a\" data-id=\"2d7fe1a\" data-element_type=\"column\" data-settings=\"{&quot;_ob_bbad_is_stalker&quot;:&quot;no&quot;,&quot;_ob_teleporter_use&quot;:false,&quot;_ob_column_hoveranimator&quot;:&quot;no&quot;,&quot;_ob_column_has_pseudo&quot;:&quot;no&quot;}\">\n\t\t\t<div class=\"elementor-widget-wrap elementor-element-populated\">\n\t\t\t\t\t\t<div class=\"elementor-element elementor-element-75dee4c elementor-align-center elementor-tablet-align-center ob-has-background-overlay elementor-widget elementor-widget-button\" data-id=\"75dee4c\" data-element_type=\"widget\" data-settings=\"{&quot;_ob_perspektive_use&quot;:&quot;no&quot;,&quot;_ob_poopart_use&quot;:&quot;yes&quot;,&quot;_ob_shadough_use&quot;:&quot;no&quot;,&quot;_ob_allow_hoveranimator&quot;:&quot;no&quot;,&quot;_ob_widget_stalker_use&quot;:&quot;no&quot;}\" data-widget_type=\"button.default\">\n\t\t\t\t<div class=\"elementor-widget-container\">\n\t\t\t\t\t<div class=\"elementor-button-wrapper\">\n\t\t\t<a class=\"elementor-button elementor-button-link elementor-size-sm\" href=\"https:\/\/amylior.com\/fr-ca\/carrieres\/#appliquer-ici\">\n\t\t\t\t\t\t<span class=\"elementor-button-content-wrapper\">\n\t\t\t\t\t\t<span class=\"elementor-button-text\">Postuler<\/span>\n\t\t<\/span>\n\t\t\t\t\t<\/a>\n\t\t<\/div>\n\t\t\t\t<\/div>\n\t\t\t\t<\/div>\n\t\t\t\t\t<\/div>\n\t\t<\/div>\n\t\t\t\t\t<\/div>\n\t\t<\/section>\n\t\t\t\t<\/div>\n\t\t","protected":false},"excerpt":{"rendered":"<p>Relevant du directeur de l\u2019ing\u00e9nierie, le charg\u00e9 de projet en d\u00e9veloppement de produit de posture est<br \/>\nresponsable de la gestion et de la coordination des diff\u00e9rentes \u00e9tapes du processus de d\u00e9veloppement<br \/>\nde produit. Il contribue activement \u00e0 l\u2019implantation de nouvelles solutions destin\u00e9es \u00e0 r\u00e9pondre aux<br \/>\nbesoins de divers march\u00e9s, en collaboration avec les \u00e9quipes multidisciplinaires de l\u2019entreprise.<br \/>\nIl s\u2019agit d\u2019un emploi \u00e0 temps plein en pr\u00e9sentiel, bas\u00e9 \u00e0 Sherbrooke.<\/p>\n","protected":false},"author":4,"featured_media":28491,"menu_order":0,"template":"","meta":{"_monsterinsights_skip_tracking":false,"_monsterinsights_sitenote_active":false,"_monsterinsights_sitenote_note":"","_monsterinsights_sitenote_category":0,"site-sidebar-layout":"default","site-content-layout":"default","ast-site-content-layout":"default","site-content-style":"default","site-sidebar-style":"default","ast-global-header-display":"","ast-banner-title-visibility":"","ast-main-header-display":"","ast-hfb-above-header-display":"","ast-hfb-below-header-display":"","ast-hfb-mobile-header-display":"","site-post-title":"","ast-breadcrumbs-content":"","ast-featured-img":"","footer-sml-layout":"","theme-transparent-header-meta":"enabled","adv-header-id-meta":"","stick-header-meta":"enabled","header-above-stick-meta":"","header-main-stick-meta":"on","header-below-stick-meta":"","astra-migrate-meta-layouts":"set","ast-page-background-enabled":"default","ast-page-background-meta":{"desktop":{"background-color":"","background-image":"","background-repeat":"repeat","background-position":"center center","background-size":"auto","background-attachment":"scroll","background-type":"","background-media":"","overlay-type":"","overlay-color":"","overlay-gradient":""},"tablet":{"background-color":"","background-image":"","background-repeat":"repeat","background-position":"center center","background-size":"auto","background-attachment":"scroll","background-type":"","background-media":"","overlay-type":"","overlay-color":"","overlay-gradient":""},"mobile":{"background-color":"","background-image":"","background-repeat":"repeat","background-position":"center center","background-size":"auto","background-attachment":"scroll","background-type":"","background-media":"","overlay-type":"","overlay-color":"","overlay-gradient":""}},"ast-content-background-meta":{"desktop":{"background-color":"var(--ast-global-color-5)","background-image":"","background-repeat":"repeat","background-position":"center center","background-size":"auto","background-attachment":"scroll","background-type":"","background-media":"","overlay-type":"","overlay-color":"","overlay-gradient":""},"tablet":{"background-color":"var(--ast-global-color-5)","background-image":"","background-repeat":"repeat","background-position":"center center","background-size":"auto","background-attachment":"scroll","background-type":"","background-media":"","overlay-type":"","overlay-color":"","overlay-gradient":""},"mobile":{"background-color":"var(--ast-global-color-5)","background-image":"","background-repeat":"repeat","background-position":"center center","background-size":"auto","background-attachment":"scroll","background-type":"","background-media":"","overlay-type":"","overlay-color":"","overlay-gradient":""}}},"jobpost_category":[],"jobpost_job_type":[],"jobpost_location":[323],"jobpost_tag":[],"class_list":["post-28488","jobpost","type-jobpost","status-publish","has-post-thumbnail","hentry","jobpost_location-sherbrooke-2"],"yoast_head":"<!-- This site is optimized with the Yoast SEO plugin v26.1.1 - https:\/\/yoast.com\/wordpress\/plugins\/seo\/ -->\n<title>Charg\u00e9 de projet en d\u00e9veloppement de produit de posture - Amylior<\/title>\n<meta name=\"description\" content=\"Le charg\u00e9 de projet en d\u00e9veloppement de produit de posture estresponsable de la gestion et de la coordination des diff\u00e9rentes \u00e9tapes du processus de d\u00e9veloppementde produit.\" \/>\n<meta name=\"robots\" content=\"index, follow, max-snippet:-1, max-image-preview:large, max-video-preview:-1\" \/>\n<link rel=\"canonical\" href=\"https:\/\/amylior.com\/fr-ca\/jobs\/charge-de-projet-en-developpement-de-produit-de-posture\/\" \/>\n<meta property=\"og:locale\" content=\"fr_CA\" \/>\n<meta property=\"og:type\" content=\"article\" \/>\n<meta property=\"og:title\" content=\"Charg\u00e9 de projet en d\u00e9veloppement de produit de posture - Amylior\" \/>\n<meta property=\"og:description\" content=\"Le charg\u00e9 de projet en d\u00e9veloppement de produit de posture estresponsable de la gestion et de la coordination des diff\u00e9rentes \u00e9tapes du processus de d\u00e9veloppementde produit.\" \/>\n<meta property=\"og:url\" content=\"https:\/\/amylior.com\/fr-ca\/jobs\/charge-de-projet-en-developpement-de-produit-de-posture\/\" \/>\n<meta property=\"og:site_name\" content=\"Amylior\" \/>\n<meta property=\"article:publisher\" content=\"https:\/\/www.facebook.com\/AmyliorAmysystems\" \/>\n<meta property=\"article:modified_time\" content=\"2025-12-18T20:31:21+00:00\" \/>\n<meta property=\"og:image\" content=\"https:\/\/amylior.com\/wp-content\/uploads\/2025\/12\/AdobeStock_181100365-scaled.jpeg\" \/>\n\t<meta property=\"og:image:width\" content=\"2560\" \/>\n\t<meta property=\"og:image:height\" content=\"1739\" \/>\n\t<meta property=\"og:image:type\" content=\"image\/jpeg\" \/>\n<meta name=\"twitter:card\" content=\"summary_large_image\" \/>\n<meta name=\"twitter:site\" content=\"@amylior\" \/>\n<meta name=\"twitter:label1\" content=\"Estimation du temps de lecture\" \/>\n\t<meta name=\"twitter:data1\" content=\"2 minutes\" \/>\n<script type=\"application\/ld+json\" class=\"yoast-schema-graph\">{\"@context\":\"https:\/\/schema.org\",\"@graph\":[{\"@type\":\"WebPage\",\"@id\":\"https:\/\/amylior.com\/fr-ca\/jobs\/charge-de-projet-en-developpement-de-produit-de-posture\/\",\"url\":\"https:\/\/amylior.com\/fr-ca\/jobs\/charge-de-projet-en-developpement-de-produit-de-posture\/\",\"name\":\"Charg\u00e9 de projet en d\u00e9veloppement de produit de posture - Amylior\",\"isPartOf\":{\"@id\":\"https:\/\/amylior.com\/fr-ca\/#website\"},\"primaryImageOfPage\":{\"@id\":\"https:\/\/amylior.com\/fr-ca\/jobs\/charge-de-projet-en-developpement-de-produit-de-posture\/#primaryimage\"},\"image\":{\"@id\":\"https:\/\/amylior.com\/fr-ca\/jobs\/charge-de-projet-en-developpement-de-produit-de-posture\/#primaryimage\"},\"thumbnailUrl\":\"https:\/\/amylior.com\/wp-content\/uploads\/2025\/12\/AdobeStock_181100365-scaled.jpeg\",\"datePublished\":\"2025-12-18T20:24:46+00:00\",\"dateModified\":\"2025-12-18T20:31:21+00:00\",\"description\":\"Le charg\u00e9 de projet en d\u00e9veloppement de produit de posture estresponsable de la gestion et de la coordination des diff\u00e9rentes \u00e9tapes du processus de d\u00e9veloppementde produit.\",\"breadcrumb\":{\"@id\":\"https:\/\/amylior.com\/fr-ca\/jobs\/charge-de-projet-en-developpement-de-produit-de-posture\/#breadcrumb\"},\"inLanguage\":\"fr-CA\",\"potentialAction\":[{\"@type\":\"ReadAction\",\"target\":[\"https:\/\/amylior.com\/fr-ca\/jobs\/charge-de-projet-en-developpement-de-produit-de-posture\/\"]}]},{\"@type\":\"ImageObject\",\"inLanguage\":\"fr-CA\",\"@id\":\"https:\/\/amylior.com\/fr-ca\/jobs\/charge-de-projet-en-developpement-de-produit-de-posture\/#primaryimage\",\"url\":\"https:\/\/amylior.com\/wp-content\/uploads\/2025\/12\/AdobeStock_181100365-scaled.jpeg\",\"contentUrl\":\"https:\/\/amylior.com\/wp-content\/uploads\/2025\/12\/AdobeStock_181100365-scaled.jpeg\",\"width\":2560,\"height\":1739,\"caption\":\"Handsome marketing manager working in cafe\"},{\"@type\":\"BreadcrumbList\",\"@id\":\"https:\/\/amylior.com\/fr-ca\/jobs\/charge-de-projet-en-developpement-de-produit-de-posture\/#breadcrumb\",\"itemListElement\":[{\"@type\":\"ListItem\",\"position\":1,\"name\":\"Home\",\"item\":\"https:\/\/amylior.com\/fr-ca\/\"},{\"@type\":\"ListItem\",\"position\":2,\"name\":\"Jobs\",\"item\":\"https:\/\/amylior.com\/fr-ca\/jobs\/\"},{\"@type\":\"ListItem\",\"position\":3,\"name\":\"Charg\u00e9 de projet en d\u00e9veloppement de produit de posture\"}]},{\"@type\":\"WebSite\",\"@id\":\"https:\/\/amylior.com\/fr-ca\/#website\",\"url\":\"https:\/\/amylior.com\/fr-ca\/\",\"name\":\"Amylior\",\"description\":\"Life is unpredictable\u2026 your mobility device shouldn\u2019t be\",\"publisher\":{\"@id\":\"https:\/\/amylior.com\/fr-ca\/#organization\"},\"potentialAction\":[{\"@type\":\"SearchAction\",\"target\":{\"@type\":\"EntryPoint\",\"urlTemplate\":\"https:\/\/amylior.com\/fr-ca\/?s={search_term_string}\"},\"query-input\":{\"@type\":\"PropertyValueSpecification\",\"valueRequired\":true,\"valueName\":\"search_term_string\"}}],\"inLanguage\":\"fr-CA\"},{\"@type\":\"Organization\",\"@id\":\"https:\/\/amylior.com\/fr-ca\/#organization\",\"name\":\"Amylior\",\"url\":\"https:\/\/amylior.com\/fr-ca\/\",\"logo\":{\"@type\":\"ImageObject\",\"inLanguage\":\"fr-CA\",\"@id\":\"https:\/\/amylior.com\/fr-ca\/#\/schema\/logo\/image\/\",\"url\":\"https:\/\/amylior.ca\/wp-content\/uploads\/2023\/03\/Logo-Amylior-Page-Mission.png\",\"contentUrl\":\"https:\/\/amylior.ca\/wp-content\/uploads\/2023\/03\/Logo-Amylior-Page-Mission.png\",\"width\":524,\"height\":100,\"caption\":\"Amylior\"},\"image\":{\"@id\":\"https:\/\/amylior.com\/fr-ca\/#\/schema\/logo\/image\/\"},\"sameAs\":[\"https:\/\/www.facebook.com\/AmyliorAmysystems\",\"https:\/\/x.com\/amylior\",\"https:\/\/www.linkedin.com\/company\/amylior\/\",\"https:\/\/www.instagram.com\/amylior.inc\/?hl=fr-ca\"]}]}<\/script>\n<!-- \/ Yoast SEO plugin. -->","yoast_head_json":{"title":"Charg\u00e9 de projet en d\u00e9veloppement de produit de posture - Amylior","description":"Le charg\u00e9 de projet en d\u00e9veloppement de produit de posture estresponsable de la gestion et de la coordination des diff\u00e9rentes \u00e9tapes du processus de d\u00e9veloppementde produit.","robots":{"index":"index","follow":"follow","max-snippet":"max-snippet:-1","max-image-preview":"max-image-preview:large","max-video-preview":"max-video-preview:-1"},"canonical":"https:\/\/amylior.com\/fr-ca\/jobs\/charge-de-projet-en-developpement-de-produit-de-posture\/","og_locale":"fr_CA","og_type":"article","og_title":"Charg\u00e9 de projet en d\u00e9veloppement de produit de posture - Amylior","og_description":"Le charg\u00e9 de projet en d\u00e9veloppement de produit de posture estresponsable de la gestion et de la coordination des diff\u00e9rentes \u00e9tapes du processus de d\u00e9veloppementde produit.","og_url":"https:\/\/amylior.com\/fr-ca\/jobs\/charge-de-projet-en-developpement-de-produit-de-posture\/","og_site_name":"Amylior","article_publisher":"https:\/\/www.facebook.com\/AmyliorAmysystems","article_modified_time":"2025-12-18T20:31:21+00:00","og_image":[{"width":2560,"height":1739,"url":"https:\/\/amylior.com\/wp-content\/uploads\/2025\/12\/AdobeStock_181100365-scaled.jpeg","type":"image\/jpeg"}],"twitter_card":"summary_large_image","twitter_site":"@amylior","twitter_misc":{"Estimation du temps de lecture":"2 minutes"},"schema":{"@context":"https:\/\/schema.org","@graph":[{"@type":"WebPage","@id":"https:\/\/amylior.com\/fr-ca\/jobs\/charge-de-projet-en-developpement-de-produit-de-posture\/","url":"https:\/\/amylior.com\/fr-ca\/jobs\/charge-de-projet-en-developpement-de-produit-de-posture\/","name":"Charg\u00e9 de projet en d\u00e9veloppement de produit de posture - Amylior","isPartOf":{"@id":"https:\/\/amylior.com\/fr-ca\/#website"},"primaryImageOfPage":{"@id":"https:\/\/amylior.com\/fr-ca\/jobs\/charge-de-projet-en-developpement-de-produit-de-posture\/#primaryimage"},"image":{"@id":"https:\/\/amylior.com\/fr-ca\/jobs\/charge-de-projet-en-developpement-de-produit-de-posture\/#primaryimage"},"thumbnailUrl":"https:\/\/amylior.com\/wp-content\/uploads\/2025\/12\/AdobeStock_181100365-scaled.jpeg","datePublished":"2025-12-18T20:24:46+00:00","dateModified":"2025-12-18T20:31:21+00:00","description":"Le charg\u00e9 de projet en d\u00e9veloppement de produit de posture estresponsable de la gestion et de la coordination des diff\u00e9rentes \u00e9tapes du processus de d\u00e9veloppementde produit.","breadcrumb":{"@id":"https:\/\/amylior.com\/fr-ca\/jobs\/charge-de-projet-en-developpement-de-produit-de-posture\/#breadcrumb"},"inLanguage":"fr-CA","potentialAction":[{"@type":"ReadAction","target":["https:\/\/amylior.com\/fr-ca\/jobs\/charge-de-projet-en-developpement-de-produit-de-posture\/"]}]},{"@type":"ImageObject","inLanguage":"fr-CA","@id":"https:\/\/amylior.com\/fr-ca\/jobs\/charge-de-projet-en-developpement-de-produit-de-posture\/#primaryimage","url":"https:\/\/amylior.com\/wp-content\/uploads\/2025\/12\/AdobeStock_181100365-scaled.jpeg","contentUrl":"https:\/\/amylior.com\/wp-content\/uploads\/2025\/12\/AdobeStock_181100365-scaled.jpeg","width":2560,"height":1739,"caption":"Handsome marketing manager working in cafe"},{"@type":"BreadcrumbList","@id":"https:\/\/amylior.com\/fr-ca\/jobs\/charge-de-projet-en-developpement-de-produit-de-posture\/#breadcrumb","itemListElement":[{"@type":"ListItem","position":1,"name":"Home","item":"https:\/\/amylior.com\/fr-ca\/"},{"@type":"ListItem","position":2,"name":"Jobs","item":"https:\/\/amylior.com\/fr-ca\/jobs\/"},{"@type":"ListItem","position":3,"name":"Charg\u00e9 de projet en d\u00e9veloppement de produit de posture"}]},{"@type":"WebSite","@id":"https:\/\/amylior.com\/fr-ca\/#website","url":"https:\/\/amylior.com\/fr-ca\/","name":"Amylior","description":"Life is unpredictable\u2026 your mobility device shouldn\u2019t be","publisher":{"@id":"https:\/\/amylior.com\/fr-ca\/#organization"},"potentialAction":[{"@type":"SearchAction","target":{"@type":"EntryPoint","urlTemplate":"https:\/\/amylior.com\/fr-ca\/?s={search_term_string}"},"query-input":{"@type":"PropertyValueSpecification","valueRequired":true,"valueName":"search_term_string"}}],"inLanguage":"fr-CA"},{"@type":"Organization","@id":"https:\/\/amylior.com\/fr-ca\/#organization","name":"Amylior","url":"https:\/\/amylior.com\/fr-ca\/","logo":{"@type":"ImageObject","inLanguage":"fr-CA","@id":"https:\/\/amylior.com\/fr-ca\/#\/schema\/logo\/image\/","url":"https:\/\/amylior.ca\/wp-content\/uploads\/2023\/03\/Logo-Amylior-Page-Mission.png","contentUrl":"https:\/\/amylior.ca\/wp-content\/uploads\/2023\/03\/Logo-Amylior-Page-Mission.png","width":524,"height":100,"caption":"Amylior"},"image":{"@id":"https:\/\/amylior.com\/fr-ca\/#\/schema\/logo\/image\/"},"sameAs":["https:\/\/www.facebook.com\/AmyliorAmysystems","https:\/\/x.com\/amylior","https:\/\/www.linkedin.com\/company\/amylior\/","https:\/\/www.instagram.com\/amylior.inc\/?hl=fr-ca"]}]}},"_links":{"self":[{"href":"https:\/\/amylior.com\/fr-ca\/wp-json\/wp\/v2\/jobpost\/28488","targetHints":{"allow":["GET"]}}],"collection":[{"href":"https:\/\/amylior.com\/fr-ca\/wp-json\/wp\/v2\/jobpost"}],"about":[{"href":"https:\/\/amylior.com\/fr-ca\/wp-json\/wp\/v2\/types\/jobpost"}],"author":[{"embeddable":true,"href":"https:\/\/amylior.com\/fr-ca\/wp-json\/wp\/v2\/users\/4"}],"version-history":[{"count":11,"href":"https:\/\/amylior.com\/fr-ca\/wp-json\/wp\/v2\/jobpost\/28488\/revisions"}],"predecessor-version":[{"id":28526,"href":"https:\/\/amylior.com\/fr-ca\/wp-json\/wp\/v2\/jobpost\/28488\/revisions\/28526"}],"wp:featuredmedia":[{"embeddable":true,"href":"https:\/\/amylior.com\/fr-ca\/wp-json\/wp\/v2\/media\/28491"}],"wp:attachment":[{"href":"https:\/\/amylior.com\/fr-ca\/wp-json\/wp\/v2\/media?parent=28488"}],"wp:term":[{"taxonomy":"jobpost_category","embeddable":true,"href":"https:\/\/amylior.com\/fr-ca\/wp-json\/wp\/v2\/jobpost_category?post=28488"},{"taxonomy":"jobpost_job_type","embeddable":true,"href":"https:\/\/amylior.com\/fr-ca\/wp-json\/wp\/v2\/jobpost_job_type?post=28488"},{"taxonomy":"jobpost_location","embeddable":true,"href":"https:\/\/amylior.com\/fr-ca\/wp-json\/wp\/v2\/jobpost_location?post=28488"},{"taxonomy":"jobpost_tag","embeddable":true,"href":"https:\/\/amylior.com\/fr-ca\/wp-json\/wp\/v2\/jobpost_tag?post=28488"}],"curies":[{"name":"wp","href":"https:\/\/api.w.org\/{rel}","templated":true}]}}